{"id":5693,"date":"2023-02-24T08:47:37","date_gmt":"2023-02-24T11:47:37","guid":{"rendered":"https:\/\/legacytricologia.com.br\/?p=5693"},"modified":"2023-02-24T08:48:24","modified_gmt":"2023-02-24T11:48:24","slug":"formacao-em-terapia-capilar-anapolis-03-2023","status":"publish","type":"post","link":"https:\/\/legacytricologia.com.br\/index.php\/2023\/02\/24\/formacao-em-terapia-capilar-anapolis-03-2023\/","title":{"rendered":"Forma\u00e7\u00e3o em Terapia Capilar \u2013 An\u00e1polis 03\/2023"},"content":{"rendered":"<p>Voc\u00ea que \u00e9 da regi\u00e3o de An\u00e1polis-GO e \u00e9 um profissional da sa\u00fade ou da beleza n\u00e3o pode mais ignorar as disfun\u00e7\u00f5es no couro cabeludo e fios.<\/p>\n<p>A Legacy\u2122 Tricologia e a Academia Brasileira de Tricologia \u2013 ABT trazem at\u00e9 voc\u00ea o mais completo Curso T\u00e9cnico em Terapia Capilar presencial do Brasil.<br \/>\n&#8230;<br \/>\nEm 5 m\u00f3dulos, 10 encontros, 2 vezes por m\u00eas voc\u00ea ir\u00e1 conhecer o que existe de mais avan\u00e7ado na ci\u00eancia para tratamento dos problemas capilares e se aprofundar na pr\u00e1tica das t\u00e9cnicas mais modernas da terapia capilar.<\/p>\n<p>\u270580 h\/a<br \/>\n\u270510 encontros<br \/>\n\u27055 meses<br \/>\n\u2705100% presencial<br \/>\n&#8230;<br \/>\n\u26a0In\u00edcio das aulas: 13\/03\u26a0<\/p>\n<p>\ud83d\udc4dGaranta j\u00e1 sua vaga!<\/p>\n<p><a class=\"x1i10hfl xjbqb8w x6umtig x1b1mbwd xaqea5y xav7gou x9f619 x1ypdohk xt0psk2 xe8uvvx xdj266r x11i5rnm xat24cr x1mh8g0r xexx8yu x4uap5 x18d9i69 xkhd6sd x16tdsg8 x1hl2dhg xggy1nq x1a2a7pz _aa9_ _a6hd\" tabindex=\"0\" role=\"link\" href=\"https:\/\/www.instagram.com\/explore\/tags\/tricologia\/\">#tricologia<\/a>\u00a0<a class=\"x1i10hfl xjbqb8w x6umtig x1b1mbwd xaqea5y xav7gou x9f619 x1ypdohk xt0psk2 xe8uvvx xdj266r x11i5rnm xat24cr x1mh8g0r xexx8yu x4uap5 x18d9i69 xkhd6sd x16tdsg8 x1hl2dhg xggy1nq x1a2a7pz _aa9_ _a6hd\" tabindex=\"0\" role=\"link\" href=\"https:\/\/www.instagram.com\/explore\/tags\/tricologiamedica\/\">#tricologiamedica<\/a>\u00a0<a class=\"x1i10hfl xjbqb8w x6umtig x1b1mbwd xaqea5y xav7gou x9f619 x1ypdohk xt0psk2 xe8uvvx xdj266r x11i5rnm xat24cr x1mh8g0r xexx8yu x4uap5 x18d9i69 xkhd6sd x16tdsg8 x1hl2dhg xggy1nq x1a2a7pz _aa9_ _a6hd\" tabindex=\"0\" role=\"link\" href=\"https:\/\/www.instagram.com\/explore\/tags\/tricologiacapilar\/\">#tricologiacapilar<\/a>\u00a0<a class=\"x1i10hfl xjbqb8w x6umtig x1b1mbwd xaqea5y xav7gou x9f619 x1ypdohk xt0psk2 xe8uvvx xdj266r x11i5rnm xat24cr x1mh8g0r xexx8yu x4uap5 x18d9i69 xkhd6sd x16tdsg8 x1hl2dhg xggy1nq x1a2a7pz _aa9_ _a6hd\" tabindex=\"0\" role=\"link\" href=\"https:\/\/www.instagram.com\/explore\/tags\/terapiacapilar\/\">#terapiacapilar<\/a><\/p>\n","protected":false},"excerpt":{"rendered":"<p>Voc\u00ea que \u00e9 da regi\u00e3o de An\u00e1polis-GO e \u00e9 um profissional da sa\u00fade ou da beleza n\u00e3o pode mais ignorar as disfun\u00e7\u00f5es no couro cabeludo e fios. A Legacy\u2122 Tricologia&#8230;<\/p>\n","protected":false},"author":1,"featured_media":5694,"comment_status":"open","ping_status":"open","sticky":false,"template":"","format":"standard","meta":{"om_disable_all_campaigns":false,"_monsterinsights_skip_tracking":false,"_monsterinsights_sitenote_active":false,"_monsterinsights_sitenote_note":"","_monsterinsights_sitenote_category":0,"footnotes":""},"categories":[9,8],"tags":[14,13,15,12,11,10],"class_list":{"0":"post-5693","1":"post","2":"type-post","3":"status-publish","4":"format-standard","5":"has-post-thumbnail","7":"category-curso-em-destaque","8":"category-tricologia-e-terapia-capilar","9":"tag-academia-brasileira-de-tricologia","10":"tag-anapolis-go","11":"tag-salao-de-beleza","12":"tag-terapia-capilar-curso","13":"tag-terapia-capitar","14":"tag-tricologia"},"aioseo_notices":[],"_links":{"self":[{"href":"https:\/\/legacytricologia.com.br\/index.php\/wp-json\/wp\/v2\/posts\/5693","targetHints":{"allow":["GET"]}}],"collection":[{"href":"https:\/\/legacytricologia.com.br\/index.php\/wp-json\/wp\/v2\/posts"}],"about":[{"href":"https:\/\/legacytricologia.com.br\/index.php\/wp-json\/wp\/v2\/types\/post"}],"author":[{"embeddable":true,"href":"https:\/\/legacytricologia.com.br\/index.php\/wp-json\/wp\/v2\/users\/1"}],"replies":[{"embeddable":true,"href":"https:\/\/legacytricologia.com.br\/index.php\/wp-json\/wp\/v2\/comments?post=5693"}],"version-history":[{"count":1,"href":"https:\/\/legacytricologia.com.br\/index.php\/wp-json\/wp\/v2\/posts\/5693\/revisions"}],"predecessor-version":[{"id":5695,"href":"https:\/\/legacytricologia.com.br\/index.php\/wp-json\/wp\/v2\/posts\/5693\/revisions\/5695"}],"wp:featuredmedia":[{"embeddable":true,"href":"https:\/\/legacytricologia.com.br\/index.php\/wp-json\/wp\/v2\/media\/5694"}],"wp:attachment":[{"href":"https:\/\/legacytricologia.com.br\/index.php\/wp-json\/wp\/v2\/media?parent=5693"}],"wp:term":[{"taxonomy":"category","embeddable":true,"href":"https:\/\/legacytricologia.com.br\/index.php\/wp-json\/wp\/v2\/categories?post=5693"},{"taxonomy":"post_tag","embeddable":true,"href":"https:\/\/legacytricologia.com.br\/index.php\/wp-json\/wp\/v2\/tags?post=5693"}],"curies":[{"name":"wp","href":"https:\/\/api.w.org\/{rel}","templated":true}]}}